{"id":206,"date":"2020-12-01T17:15:38","date_gmt":"2020-12-01T16:15:38","guid":{"rendered":"http:\/\/annblog.de\/?p=206"},"modified":"2020-12-07T20:27:16","modified_gmt":"2020-12-07T19:27:16","slug":"apple-airpods-pro","status":"publish","type":"post","link":"http:\/\/annblog.de\/?p=206","title":{"rendered":"Apple AirPods Pro"},"content":{"rendered":"\n<figure class=\"wp-block-image size-large\"><img loading=\"lazy\" width=\"1440\" height=\"1799\" src=\"http:\/\/annblog.de\/wp-content\/uploads\/2020\/12\/image.jpg\" alt=\"\" class=\"wp-image-205\" srcset=\"http:\/\/annblog.de\/wp-content\/uploads\/2020\/12\/image.jpg 1440w, http:\/\/annblog.de\/wp-content\/uploads\/2020\/12\/image-240x300.jpg 240w, http:\/\/annblog.de\/wp-content\/uploads\/2020\/12\/image-820x1024.jpg 820w, http:\/\/annblog.de\/wp-content\/uploads\/2020\/12\/image-768x959.jpg 768w, http:\/\/annblog.de\/wp-content\/uploads\/2020\/12\/image-1229x1536.jpg 1229w\" sizes=\"(max-width: 1440px) 100vw, 1440px\" \/><\/figure>\n\n\n\n<p>Schon lange hatte ich vor <a href=\"https:\/\/www.apple.com\/de\/airpods-pro\/\" data-type=\"URL\" data-id=\"https:\/\/www.apple.com\/de\/airpods-pro\/\">diese Dinger<\/a> zu testen, und konnte nun endlich nachdem ich sie bei einem Freund mal eingesetzt hatte sagen das ich zu den Menschen geh\u00f6re denen die Airpods leider aus den Ohren fallen aber die Airpods Pro wenigstens, zumindest fast immer, an Ort und stelle bleiben.<\/p>\n\n\n\n<p>Also habe ich mir welche zum Geburtstag gew\u00fcnscht. \ud83d\ude09<\/p>\n\n\n\n<p>&#8230; und auch bekommen! Was soll ich sagen? Ich liebe die Dinger und das nur nach einem Tag in Benutzung. Nicht nur das der Sound mega gut ist, und das noise cancelling der Kracher ist, nein auch die kleinen Details die man eingebaut hat in ihre Funktion machen mir gro\u00dfe Freunde.<br>H\u00e4tte ich vorher gewusst was die alles k\u00f6nnen, h\u00e4tte ich sie wahrscheinlich schon vorher gehabt. <br><br>Bestes Feature f\u00fcr mich soweit: Automatische Ohr-Erkennung. Ich wei\u00df nicht wie das sonst in Richtig hei\u00dft, beschreibt aber was es tut. <br>Sie erkennen ob jeder der beiden Pods in einem Ohr ist. Nimmt man einen heraus, weil vielleicht gerade die Tochter ankommt und ne Frage hat, pausiert der Mac und das iphone auch automatisch den Stream eines Videos oder den Muskititel der gerade abgespielt wird. Setzt man den Pod wieder ins Ohr spielt das System automatisch dort weiter wo es pausiert hatte. F\u00fcr mich ein MEGA Feature, da ich mir einfach keine Gedanken mehr machen muss. <\/p>\n\n\n\n<p>N\u00e4chstes zu testendes Feature das ich jetzt noch nicht ausgiebig aber dennoch testen konnte ist Spatial Audio. <\/p>\n\n\n\n<p>Was tut es? Sound 3D in einem virtuellen Raum um dich herum anordnen. Ich habe es mit Disney+ The Mandalorian getestet&#8230; und was soll ich sagen? Der Oberkracher. Ich kann das nicht genau beschreiben es ist aber genau so wie man sich es vorstellen w\u00fcrde.<\/p>\n\n\n\n<p>Generell bin ich sehr happy mit den AirPods wenn ich auch sagen muss das ich gehofft hatte das sie besser in den Ohren halten. Ich geh\u00f6re wohl zu den Menschen die da ein Problem haben. Aber ich kann sie nutzen und bin gl\u00fccklich.<\/p>\n","protected":false},"excerpt":{"rendered":"<p class=\"excerpt\">Schon lange hatte ich vor diese Dinger zu testen, und konnte nun endlich nachdem ich sie bei einem Freund mal eingesetzt hatte sagen das ich zu den Menschen geh\u00f6re denen die Airpods leider aus den Ohren fallen aber die Airpods Pro wenigstens, zumindest fast immer, an Ort und stelle bleiben. Also habe ich mir welche zum Geburtstag gew\u00fcnscht. \ud83d\ude09 &#8230;&hellip; <a href=\"http:\/\/annblog.de\/?p=206\">Read more &rarr;<\/a><\/p>\n","protected":false},"author":1,"featured_media":205,"comment_status":"open","ping_status":"open","sticky":false,"template":"","format":"standard","meta":[],"categories":[36],"tags":[71,70,73,72],"_links":{"self":[{"href":"http:\/\/annblog.de\/index.php?rest_route=\/wp\/v2\/posts\/206"}],"collection":[{"href":"http:\/\/annblog.de\/index.php?rest_route=\/wp\/v2\/posts"}],"about":[{"href":"http:\/\/annblog.de\/index.php?rest_route=\/wp\/v2\/types\/post"}],"author":[{"embeddable":true,"href":"http:\/\/annblog.de\/index.php?rest_route=\/wp\/v2\/users\/1"}],"replies":[{"embeddable":true,"href":"http:\/\/annblog.de\/index.php?rest_route=%2Fwp%2Fv2%2Fcomments&post=206"}],"version-history":[{"count":4,"href":"http:\/\/annblog.de\/index.php?rest_route=\/wp\/v2\/posts\/206\/revisions"}],"predecessor-version":[{"id":214,"href":"http:\/\/annblog.de\/index.php?rest_route=\/wp\/v2\/posts\/206\/revisions\/214"}],"wp:featuredmedia":[{"embeddable":true,"href":"http:\/\/annblog.de\/index.php?rest_route=\/wp\/v2\/media\/205"}],"wp:attachment":[{"href":"http:\/\/annblog.de\/index.php?rest_route=%2Fwp%2Fv2%2Fmedia&parent=206"}],"wp:term":[{"taxonomy":"category","embeddable":true,"href":"http:\/\/annblog.de\/index.php?rest_route=%2Fwp%2Fv2%2Fcategories&post=206"},{"taxonomy":"post_tag","embeddable":true,"href":"http:\/\/annblog.de\/index.php?rest_route=%2Fwp%2Fv2%2Ftags&post=206"}],"curies":[{"name":"wp","href":"https:\/\/api.w.org\/{rel}","templated":true}]}}